{"id":644,"date":"2019-08-25T17:17:31","date_gmt":"2019-08-25T15:17:31","guid":{"rendered":"http:\/\/www.broxters.de\/?p=644"},"modified":"2019-08-26T15:51:36","modified_gmt":"2019-08-26T13:51:36","slug":"da-rockt-das-wehr","status":"publish","type":"post","link":"https:\/\/www.broxters.de\/?p=644","title":{"rendered":"Da ROCKT das Wehr"},"content":{"rendered":"\n<p>Wir hatten unglaublich viel Spa\u00df, zusammen mit euch die B\u00fchne am Wehr in Schwarzenau zu rocken und es war uns eine Ehre f\u00fcr euch an diesem tollen Fest spielen zu d\u00fcrfen. Auch ein Dankesch\u00f6n an alle anderen Bands, die Techniker und vor allem auch an die Organisatoren, die dieses kleine Festival zu etwas ganz Besonderem machen. Wir freuen uns schon auf n\u00e4chstes Jahr und bedanken uns an dieser Stelle f\u00fcr den Slot 2020. Ein kleines Video und Bilder findet ihr bald an unter folgendem Link und unter MEDIA auf dieser Seite. <\/p>\n\n\n\n<figure class=\"wp-block-image\"><img loading=\"lazy\" decoding=\"async\" width=\"1024\" height=\"768\" src=\"https:\/\/www.broxters.de\/wp-content\/uploads\/2019\/08\/d62a8e0d-145c-40aa-9f1f-66653177b236-1024x768.jpg\" alt=\"\" class=\"wp-image-645\" srcset=\"https:\/\/www.broxters.de\/wp-content\/uploads\/2019\/08\/d62a8e0d-145c-40aa-9f1f-66653177b236-1024x768.jpg 1024w, https:\/\/www.broxters.de\/wp-content\/uploads\/2019\/08\/d62a8e0d-145c-40aa-9f1f-66653177b236-300x225.jpg 300w, https:\/\/www.broxters.de\/wp-content\/uploads\/2019\/08\/d62a8e0d-145c-40aa-9f1f-66653177b236-768x576.jpg 768w, https:\/\/www.broxters.de\/wp-content\/uploads\/2019\/08\/d62a8e0d-145c-40aa-9f1f-66653177b236-840x630.jpg 840w, https:\/\/www.broxters.de\/wp-content\/uploads\/2019\/08\/d62a8e0d-145c-40aa-9f1f-66653177b236-90x68.jpg 90w, https:\/\/www.broxters.de\/wp-content\/uploads\/2019\/08\/d62a8e0d-145c-40aa-9f1f-66653177b236.jpg 1600w\" sizes=\"auto, (max-width: 1024px) 100vw, 1024px\" \/><\/figure>\n","protected":false},"excerpt":{"rendered":"<p>Wir hatten unglaublich viel Spa\u00df, zusammen mit euch die B\u00fchne am Wehr in Schwarzenau zu rocken und es war uns eine Ehre f\u00fcr euch an diesem tollen Fest spielen zu d\u00fcrfen. Auch ein Dankesch\u00f6n an alle anderen Bands, die Techniker und vor allem auch an <span class=\"read-more\"><a class=\"more-link btn btn-transparent\" href=\"https:\/\/www.broxters.de\/?p=644\">Read More &#8230;<\/a><\/span><\/p>\n","protected":false},"author":1,"featured_media":0,"comment_status":"closed","ping_status":"open","sticky":false,"template":"","format":"standard","meta":{"footnotes":""},"categories":[1],"tags":[],"class_list":["post-644","post","type-post","status-publish","format-standard","hentry","category-allgemein"],"_links":{"self":[{"href":"https:\/\/www.broxters.de\/index.php?rest_route=\/wp\/v2\/posts\/644","targetHints":{"allow":["GET"]}}],"collection":[{"href":"https:\/\/www.broxters.de\/index.php?rest_route=\/wp\/v2\/posts"}],"about":[{"href":"https:\/\/www.broxters.de\/index.php?rest_route=\/wp\/v2\/types\/post"}],"author":[{"embeddable":true,"href":"https:\/\/www.broxters.de\/index.php?rest_route=\/wp\/v2\/users\/1"}],"replies":[{"embeddable":true,"href":"https:\/\/www.broxters.de\/index.php?rest_route=%2Fwp%2Fv2%2Fcomments&post=644"}],"version-history":[{"count":2,"href":"https:\/\/www.broxters.de\/index.php?rest_route=\/wp\/v2\/posts\/644\/revisions"}],"predecessor-version":[{"id":648,"href":"https:\/\/www.broxters.de\/index.php?rest_route=\/wp\/v2\/posts\/644\/revisions\/648"}],"wp:attachment":[{"href":"https:\/\/www.broxters.de\/index.php?rest_route=%2Fwp%2Fv2%2Fmedia&parent=644"}],"wp:term":[{"taxonomy":"category","embeddable":true,"href":"https:\/\/www.broxters.de\/index.php?rest_route=%2Fwp%2Fv2%2Fcategories&post=644"},{"taxonomy":"post_tag","embeddable":true,"href":"https:\/\/www.broxters.de\/index.php?rest_route=%2Fwp%2Fv2%2Ftags&post=644"}],"curies":[{"name":"wp","href":"https:\/\/api.w.org\/{rel}","templated":true}]}}